{"id":1378,"date":"2024-12-15T18:00:00","date_gmt":"2024-12-15T17:00:00","guid":{"rendered":"https:\/\/schlichtegroll.de\/?post_type=blog&#038;p=1378"},"modified":"2026-04-19T09:49:08","modified_gmt":"2026-04-19T07:49:08","slug":"ki-praktikant-des-jahres-oder-unser-neuer-chef","status":"publish","type":"blog","link":"https:\/\/schlichtegroll.de\/en\/blog\/ki-praktikant-des-jahres-oder-unser-neuer-chef\/","title":{"rendered":"KI: Praktikant des Jahres oder unser neuer Chef?"},"content":{"rendered":"\n<center>15.12.24<br>&nbsp;<br>\n\n\n\n<p>Die Integration von KI in die Werbebranche ist kein kurzlebiger Trend, sondern eine grundlegende Transformation. Besonders f\u00fcr mittelgro\u00dfe Agenturen stellt sich sp\u00e4testens jetzt die Frage: Wie k\u00f6nnen wir KI nutzen, um wettbewerbsf\u00e4hig zu bleiben, ohne unsere Kreativit\u00e4t und strategische Expertise einzub\u00fc\u00dfen?<br><br><strong>Ist die KI ein Verst\u00e4rker menschlicher F\u00e4higkeiten?<\/strong><br><br>Der Schl\u00fcssel liegt in der Balance. KI kann Daten analysieren, Kampagnen optimieren und Routineaufgaben automatisieren \u2013 aber sie bleibt ein Werkzeug. Die wahre Magie entsteht, wenn Datengetriebenes auf menschliche Kreativit\u00e4t trifft. Denn Zielgruppenansprache mit Hyper-Personalisierung ist nur dann erfolgreich, wenn sie auf einem tiefen Verst\u00e4ndnis f\u00fcr Menschen basiert \u2013 etwas, das KI allein nicht leisten kann.<br><br><strong>Effizienz trifft auf neue M\u00f6glichkeiten<\/strong><br><br>F\u00fcr mittelgro\u00dfe Agenturen bietet KI klare Vorteile: effizienteres Budgetmanagement, pr\u00e4zisere Zielgruppenansprache und mehr Raum f\u00fcr kreative Arbeit. Doch mit dieser Effizienz kommen auch neue Herausforderungen \u2013 von hohen Investitionen bis hin zu Datenschutzfragen. Hier sind Mut und Weitsicht gefragt.<br><br><strong>Werden Kunden noch Agenturen brauchen?<\/strong><br><br>Ja \u2013 aber in ver\u00e4nderter Form. KI \u00fcbernimmt repetitive Aufgaben, doch strategisches Denken, kreative Visionen und emotionale Markenkommunikation bleiben unsere Dom\u00e4ne. Kunden brauchen Partner, die Markenbotschaften emotional aufladen und in einem datengetriebenen Umfeld einzigartig machen k\u00f6nnen.<br><br><strong>Die Zukunft der Werbung<\/strong><br><br>Die Herausforderung ist gro\u00df, aber die Chance ist gr\u00f6\u00dfer: Jetzt ist die Zeit, mutig zu investieren, Prozesse anzupassen und menschliche Kreativit\u00e4t auf das n\u00e4chste Level zu heben. Denn eines bleibt klar: In der Werbung geht es nicht nur um Technik \u2013 es geht um Emotionen, Geschichten und den Menschen dahinter.<br><br>Wie nutzt ihr KI &#8211;<br>als flei\u00dfigen Assistenten f\u00fcr Routineaufgaben oder als kreativen Sparringspartner? <strong>Oder k\u00e4mpft ihr noch mit der Frage, wo der Mensch aufh\u00f6rt und die Maschine anf\u00e4ngt?<\/strong><\/p>\n\n\n\n<br><br><center><img decoding=\"async\" src=\"https:\/\/schlichtegroll.de\/wp-content\/uploads\/2026\/04\/71seven.gif\" width=\"175px\"><br><a href=\"https:\/\/schlichtegroll.de\/blog\/\"><button class=\"button-58\" role=\"button\" style=\"font-size: 12px;\">ZUR\u00dcCK<\/button><\/a><font><\/center>\n","protected":false},"excerpt":{"rendered":"<p>15.12.24&nbsp; Die Integration von KI in die Werbebranche ist kein kurzlebiger Trend, sondern eine grundlegende Transformation. Besonders f\u00fcr mittelgro\u00dfe Agenturen stellt sich sp\u00e4testens jetzt die Frage: Wie k\u00f6nnen wir KI nutzen, um wettbewerbsf\u00e4hig zu bleiben, ohne unsere Kreativit\u00e4t und strategische Expertise einzub\u00fc\u00dfen? Ist die KI ein Verst\u00e4rker menschlicher F\u00e4higkeiten? Der Schl\u00fcssel liegt in der Balance&#8230;<\/p>\n","protected":false},"featured_media":0,"template":"","format":"standard","meta":{"ngg_post_thumbnail":0,"_links_to":"","_links_to_target":""},"categories":[44],"class_list":["post-1378","blog","type-blog","status-publish","format-standard","hentry","category-blog"],"yoast_head":"<!-- This site is optimized with the Yoast SEO plugin v27.5 - https:\/\/yoast.com\/product\/yoast-seo-wordpress\/ -->\n<title>BLOG - Christian Schlichtegroll<\/title>\n<meta name=\"robots\" content=\"index, follow, max-snippet:-1, max-image-preview:large, max-video-preview:-1\" \/>\n<link rel=\"canonical\" href=\"https:\/\/schlichtegroll.de\/en\/blog\/ki-praktikant-des-jahres-oder-unser-neuer-chef\/\" \/>\n<meta property=\"og:locale\" content=\"en_US\" \/>\n<meta property=\"og:type\" content=\"article\" \/>\n<meta property=\"og:title\" content=\"BLOG - Christian Schlichtegroll\" \/>\n<meta property=\"og:description\" content=\"15.12.24&nbsp; Die Integration von KI in die Werbebranche ist kein kurzlebiger Trend, sondern eine grundlegende Transformation. Besonders f\u00fcr mittelgro\u00dfe Agenturen stellt sich sp\u00e4testens jetzt die Frage: Wie k\u00f6nnen wir KI nutzen, um wettbewerbsf\u00e4hig zu bleiben, ohne unsere Kreativit\u00e4t und strategische Expertise einzub\u00fc\u00dfen? Ist die KI ein Verst\u00e4rker menschlicher F\u00e4higkeiten? Der Schl\u00fcssel liegt in der Balance...\" \/>\n<meta property=\"og:url\" content=\"https:\/\/schlichtegroll.de\/en\/blog\/ki-praktikant-des-jahres-oder-unser-neuer-chef\/\" \/>\n<meta property=\"og:site_name\" content=\"Christian Schlichtegroll\" \/>\n<meta property=\"article:modified_time\" content=\"2026-04-19T07:49:08+00:00\" \/>\n<meta property=\"og:image\" content=\"https:\/\/schlichtegroll.de\/wp-content\/uploads\/2026\/04\/71seven.gif\" \/>\n<meta name=\"twitter:card\" content=\"summary_large_image\" \/>\n<meta name=\"twitter:label1\" content=\"Est. reading time\" \/>\n\t<meta name=\"twitter:data1\" content=\"2 minutes\" \/>\n<script type=\"application\/ld+json\" class=\"yoast-schema-graph\">{\"@context\":\"https:\\\/\\\/schema.org\",\"@graph\":[{\"@type\":\"WebPage\",\"@id\":\"https:\\\/\\\/schlichtegroll.de\\\/en\\\/blog\\\/ki-praktikant-des-jahres-oder-unser-neuer-chef\\\/\",\"url\":\"https:\\\/\\\/schlichtegroll.de\\\/en\\\/blog\\\/ki-praktikant-des-jahres-oder-unser-neuer-chef\\\/\",\"name\":\"BLOG - Christian Schlichtegroll\",\"isPartOf\":{\"@id\":\"https:\\\/\\\/schlichtegroll.de\\\/en\\\/#website\"},\"primaryImageOfPage\":{\"@id\":\"https:\\\/\\\/schlichtegroll.de\\\/en\\\/blog\\\/ki-praktikant-des-jahres-oder-unser-neuer-chef\\\/#primaryimage\"},\"image\":{\"@id\":\"https:\\\/\\\/schlichtegroll.de\\\/en\\\/blog\\\/ki-praktikant-des-jahres-oder-unser-neuer-chef\\\/#primaryimage\"},\"thumbnailUrl\":\"https:\\\/\\\/schlichtegroll.de\\\/wp-content\\\/uploads\\\/2026\\\/04\\\/71seven.gif\",\"datePublished\":\"2024-12-15T17:00:00+00:00\",\"dateModified\":\"2026-04-19T07:49:08+00:00\",\"breadcrumb\":{\"@id\":\"https:\\\/\\\/schlichtegroll.de\\\/en\\\/blog\\\/ki-praktikant-des-jahres-oder-unser-neuer-chef\\\/#breadcrumb\"},\"inLanguage\":\"en-US\",\"potentialAction\":[{\"@type\":\"ReadAction\",\"target\":[\"https:\\\/\\\/schlichtegroll.de\\\/en\\\/blog\\\/ki-praktikant-des-jahres-oder-unser-neuer-chef\\\/\"]}]},{\"@type\":\"ImageObject\",\"inLanguage\":\"en-US\",\"@id\":\"https:\\\/\\\/schlichtegroll.de\\\/en\\\/blog\\\/ki-praktikant-des-jahres-oder-unser-neuer-chef\\\/#primaryimage\",\"url\":\"https:\\\/\\\/schlichtegroll.de\\\/wp-content\\\/uploads\\\/2026\\\/04\\\/71seven.gif\",\"contentUrl\":\"https:\\\/\\\/schlichtegroll.de\\\/wp-content\\\/uploads\\\/2026\\\/04\\\/71seven.gif\"},{\"@type\":\"BreadcrumbList\",\"@id\":\"https:\\\/\\\/schlichtegroll.de\\\/en\\\/blog\\\/ki-praktikant-des-jahres-oder-unser-neuer-chef\\\/#breadcrumb\",\"itemListElement\":[{\"@type\":\"ListItem\",\"position\":1,\"name\":\"Startseite\",\"item\":\"https:\\\/\\\/schlichtegroll.de\\\/en\\\/\"},{\"@type\":\"ListItem\",\"position\":2,\"name\":\"Blog\",\"item\":\"https:\\\/\\\/schlichtegroll.de\\\/en\\\/blog\\\/\"},{\"@type\":\"ListItem\",\"position\":3,\"name\":\"KI: Praktikant des Jahres oder unser neuer Chef?\"}]},{\"@type\":\"WebSite\",\"@id\":\"https:\\\/\\\/schlichtegroll.de\\\/en\\\/#website\",\"url\":\"https:\\\/\\\/schlichtegroll.de\\\/en\\\/\",\"name\":\"Christian Schlichtegroll\",\"description\":\"\",\"publisher\":{\"@id\":\"https:\\\/\\\/schlichtegroll.de\\\/en\\\/#\\\/schema\\\/person\\\/190ce3cd2908f884df37c69aafd6fb99\"},\"potentialAction\":[{\"@type\":\"SearchAction\",\"target\":{\"@type\":\"EntryPoint\",\"urlTemplate\":\"https:\\\/\\\/schlichtegroll.de\\\/en\\\/?s={search_term_string}\"},\"query-input\":{\"@type\":\"PropertyValueSpecification\",\"valueRequired\":true,\"valueName\":\"search_term_string\"}}],\"inLanguage\":\"en-US\"},{\"@type\":[\"Person\",\"Organization\"],\"@id\":\"https:\\\/\\\/schlichtegroll.de\\\/en\\\/#\\\/schema\\\/person\\\/190ce3cd2908f884df37c69aafd6fb99\",\"name\":\"C.Schlichtegroll\",\"image\":{\"@type\":\"ImageObject\",\"inLanguage\":\"en-US\",\"@id\":\"https:\\\/\\\/schlichtegroll.de\\\/wp-content\\\/uploads\\\/2025\\\/03\\\/Christian-Schlichtegroll-log-middle-header.png\",\"url\":\"https:\\\/\\\/schlichtegroll.de\\\/wp-content\\\/uploads\\\/2025\\\/03\\\/Christian-Schlichtegroll-log-middle-header.png\",\"contentUrl\":\"https:\\\/\\\/schlichtegroll.de\\\/wp-content\\\/uploads\\\/2025\\\/03\\\/Christian-Schlichtegroll-log-middle-header.png\",\"width\":225,\"height\":135,\"caption\":\"C.Schlichtegroll\"},\"logo\":{\"@id\":\"https:\\\/\\\/schlichtegroll.de\\\/wp-content\\\/uploads\\\/2025\\\/03\\\/Christian-Schlichtegroll-log-middle-header.png\"},\"sameAs\":[\"https:\\\/\\\/schlichtegroll.de\\\/hamburg\"]}]}<\/script>\n<!-- \/ Yoast SEO plugin. -->","yoast_head_json":{"title":"BLOG - Christian Schlichtegroll","robots":{"index":"index","follow":"follow","max-snippet":"max-snippet:-1","max-image-preview":"max-image-preview:large","max-video-preview":"max-video-preview:-1"},"canonical":"https:\/\/schlichtegroll.de\/en\/blog\/ki-praktikant-des-jahres-oder-unser-neuer-chef\/","og_locale":"en_US","og_type":"article","og_title":"BLOG - Christian Schlichtegroll","og_description":"15.12.24&nbsp; Die Integration von KI in die Werbebranche ist kein kurzlebiger Trend, sondern eine grundlegende Transformation. Besonders f\u00fcr mittelgro\u00dfe Agenturen stellt sich sp\u00e4testens jetzt die Frage: Wie k\u00f6nnen wir KI nutzen, um wettbewerbsf\u00e4hig zu bleiben, ohne unsere Kreativit\u00e4t und strategische Expertise einzub\u00fc\u00dfen? Ist die KI ein Verst\u00e4rker menschlicher F\u00e4higkeiten? Der Schl\u00fcssel liegt in der Balance...","og_url":"https:\/\/schlichtegroll.de\/en\/blog\/ki-praktikant-des-jahres-oder-unser-neuer-chef\/","og_site_name":"Christian Schlichtegroll","article_modified_time":"2026-04-19T07:49:08+00:00","og_image":[{"url":"https:\/\/schlichtegroll.de\/wp-content\/uploads\/2026\/04\/71seven.gif","type":"","width":"","height":""}],"twitter_card":"summary_large_image","twitter_misc":{"Est. reading time":"2 minutes"},"schema":{"@context":"https:\/\/schema.org","@graph":[{"@type":"WebPage","@id":"https:\/\/schlichtegroll.de\/en\/blog\/ki-praktikant-des-jahres-oder-unser-neuer-chef\/","url":"https:\/\/schlichtegroll.de\/en\/blog\/ki-praktikant-des-jahres-oder-unser-neuer-chef\/","name":"BLOG - Christian Schlichtegroll","isPartOf":{"@id":"https:\/\/schlichtegroll.de\/en\/#website"},"primaryImageOfPage":{"@id":"https:\/\/schlichtegroll.de\/en\/blog\/ki-praktikant-des-jahres-oder-unser-neuer-chef\/#primaryimage"},"image":{"@id":"https:\/\/schlichtegroll.de\/en\/blog\/ki-praktikant-des-jahres-oder-unser-neuer-chef\/#primaryimage"},"thumbnailUrl":"https:\/\/schlichtegroll.de\/wp-content\/uploads\/2026\/04\/71seven.gif","datePublished":"2024-12-15T17:00:00+00:00","dateModified":"2026-04-19T07:49:08+00:00","breadcrumb":{"@id":"https:\/\/schlichtegroll.de\/en\/blog\/ki-praktikant-des-jahres-oder-unser-neuer-chef\/#breadcrumb"},"inLanguage":"en-US","potentialAction":[{"@type":"ReadAction","target":["https:\/\/schlichtegroll.de\/en\/blog\/ki-praktikant-des-jahres-oder-unser-neuer-chef\/"]}]},{"@type":"ImageObject","inLanguage":"en-US","@id":"https:\/\/schlichtegroll.de\/en\/blog\/ki-praktikant-des-jahres-oder-unser-neuer-chef\/#primaryimage","url":"https:\/\/schlichtegroll.de\/wp-content\/uploads\/2026\/04\/71seven.gif","contentUrl":"https:\/\/schlichtegroll.de\/wp-content\/uploads\/2026\/04\/71seven.gif"},{"@type":"BreadcrumbList","@id":"https:\/\/schlichtegroll.de\/en\/blog\/ki-praktikant-des-jahres-oder-unser-neuer-chef\/#breadcrumb","itemListElement":[{"@type":"ListItem","position":1,"name":"Startseite","item":"https:\/\/schlichtegroll.de\/en\/"},{"@type":"ListItem","position":2,"name":"Blog","item":"https:\/\/schlichtegroll.de\/en\/blog\/"},{"@type":"ListItem","position":3,"name":"KI: Praktikant des Jahres oder unser neuer Chef?"}]},{"@type":"WebSite","@id":"https:\/\/schlichtegroll.de\/en\/#website","url":"https:\/\/schlichtegroll.de\/en\/","name":"Christian Schlichtegroll","description":"","publisher":{"@id":"https:\/\/schlichtegroll.de\/en\/#\/schema\/person\/190ce3cd2908f884df37c69aafd6fb99"},"potentialAction":[{"@type":"SearchAction","target":{"@type":"EntryPoint","urlTemplate":"https:\/\/schlichtegroll.de\/en\/?s={search_term_string}"},"query-input":{"@type":"PropertyValueSpecification","valueRequired":true,"valueName":"search_term_string"}}],"inLanguage":"en-US"},{"@type":["Person","Organization"],"@id":"https:\/\/schlichtegroll.de\/en\/#\/schema\/person\/190ce3cd2908f884df37c69aafd6fb99","name":"C.Schlichtegroll","image":{"@type":"ImageObject","inLanguage":"en-US","@id":"https:\/\/schlichtegroll.de\/wp-content\/uploads\/2025\/03\/Christian-Schlichtegroll-log-middle-header.png","url":"https:\/\/schlichtegroll.de\/wp-content\/uploads\/2025\/03\/Christian-Schlichtegroll-log-middle-header.png","contentUrl":"https:\/\/schlichtegroll.de\/wp-content\/uploads\/2025\/03\/Christian-Schlichtegroll-log-middle-header.png","width":225,"height":135,"caption":"C.Schlichtegroll"},"logo":{"@id":"https:\/\/schlichtegroll.de\/wp-content\/uploads\/2025\/03\/Christian-Schlichtegroll-log-middle-header.png"},"sameAs":["https:\/\/schlichtegroll.de\/hamburg"]}]}},"_links":{"self":[{"href":"https:\/\/schlichtegroll.de\/en\/wp-json\/wp\/v2\/blog\/1378","targetHints":{"allow":["GET"]}}],"collection":[{"href":"https:\/\/schlichtegroll.de\/en\/wp-json\/wp\/v2\/blog"}],"about":[{"href":"https:\/\/schlichtegroll.de\/en\/wp-json\/wp\/v2\/types\/blog"}],"wp:attachment":[{"href":"https:\/\/schlichtegroll.de\/en\/wp-json\/wp\/v2\/media?parent=1378"}],"wp:term":[{"taxonomy":"category","embeddable":true,"href":"https:\/\/schlichtegroll.de\/en\/wp-json\/wp\/v2\/categories?post=1378"}],"curies":[{"name":"wp","href":"https:\/\/api.w.org\/{rel}","templated":true}]}}